{"id":4630,"date":"2025-10-09T15:32:38","date_gmt":"2025-10-09T13:32:38","guid":{"rendered":"https:\/\/ajv.wine\/blog\/como-surge-alicia-i-josep-viticultors\/"},"modified":"2025-10-09T15:32:38","modified_gmt":"2025-10-09T13:32:38","slug":"como-surge-alicia-i-josep-viticultors","status":"publish","type":"post","link":"https:\/\/ajv.wine\/es\/blog\/como-surge-alicia-i-josep-viticultors\/","title":{"rendered":"\u00bfC\u00f3mo surge Alicia i Josep Viticultors?"},"content":{"rendered":"\n<p>Somos Alicia y Josep, amantes del vino y profundamente enamorados del Priorat.<\/p>\n\n<p>En 2017 iniciamos nuestro proyecto en Porrera, en el coraz\u00f3n del Priorat hist\u00f3rico. Y fue aqu\u00ed, en el paraje Tentiber, donde como viticultores elaboradores y entregados al 100\u202f%, naci\u00f3 nuestro primer vino de paraje: Tentiber, a\u00f1ada 2018. <\/p>\n\n<p>Nuestro empe\u00f1o es recuperar vi\u00f1edos mediante la agricultura ecol\u00f3gica y la viticultura regenerativa, y as\u00ed elaborar vinos singulares que expresen su origen en cada copa.<\/p>\n\n<p>Nuestros vinos provienen de uvas recogidas en distintos parajes de Porrera: Tentiber, Perer, Tossal y La R\u00e0pita. <\/p>\n\n<p>Persistimos con esfuerzo y mucha ilusi\u00f3n para mostrar el potencial de los Cru del Priorat. <\/p>\n\n<p>Nuestros valores inspiran realmente todas nuestras acciones. Son las creencias que nos gu\u00edan en nuestro d\u00eda a d\u00eda: <\/p>\n\n<ol class=\"wp-block-list\">\n<li>Viticultura regenerativa y ecol\u00f3gica <\/li>\n\n\n\n<li>Excelencia y pasi\u00f3n por el trabajo bien hecho, basado en el conocimiento y la experiencia <\/li>\n\n\n\n<li>Filosof\u00eda de m\u00e1ximo respeto a la uva y m\u00ednima intervenci\u00f3n en bodega <\/li>\n\n\n\n<li>Conciencia ambiental: sostenibilidad y respeto por el medio ambiente y su biodiversidad  <\/li>\n\n\n\n<li>Elaborar vinos para disfrutar y compartir<\/li>\n<\/ol>\n\n<figure class=\"wp-block-gallery has-nested-images columns-default is-cropped wp-block-gallery-1 is-layout-flex wp-block-gallery-is-layout-flex\">\n<figure class=\"wp-block-image size-large\"><img loading=\"lazy\" decoding=\"async\" width=\"1024\" height=\"576\" data-id=\"3026\" src=\"https:\/\/ajv.wine\/wp-content\/uploads\/2025\/03\/AJV-Wine-Blog-Article-Origen-AJV-4-1024x576.webp\" alt=\"\" class=\"wp-image-3026\" srcset=\"https:\/\/ajv.wine\/wp-content\/uploads\/2025\/03\/AJV-Wine-Blog-Article-Origen-AJV-4-980x551.webp 980w, https:\/\/ajv.wine\/wp-content\/uploads\/2025\/03\/AJV-Wine-Blog-Article-Origen-AJV-4-480x270.webp 480w\" sizes=\"(min-width: 0px) and (max-width: 480px) 480px, (min-width: 481px) and (max-width: 980px) 980px, (min-width: 981px) 1024px, 100vw\" \/><\/figure>\n\n\n\n<figure class=\"wp-block-image size-large\"><img loading=\"lazy\" decoding=\"async\" width=\"1024\" height=\"576\" data-id=\"3023\" src=\"https:\/\/ajv.wine\/wp-content\/uploads\/2025\/03\/AJV-Wine-Blog-Article-Origen-AJV-3-1024x576.webp\" alt=\"\" class=\"wp-image-3023\" srcset=\"https:\/\/ajv.wine\/wp-content\/uploads\/2025\/03\/AJV-Wine-Blog-Article-Origen-AJV-3-980x551.webp 980w, https:\/\/ajv.wine\/wp-content\/uploads\/2025\/03\/AJV-Wine-Blog-Article-Origen-AJV-3-480x270.webp 480w\" sizes=\"(min-width: 0px) and (max-width: 480px) 480px, (min-width: 481px) and (max-width: 980px) 980px, (min-width: 981px) 1024px, 100vw\" \/><\/figure>\n\n\n\n<figure class=\"wp-block-image size-large\"><img loading=\"lazy\" decoding=\"async\" width=\"1024\" height=\"576\" data-id=\"3020\" src=\"https:\/\/ajv.wine\/wp-content\/uploads\/2025\/03\/AJV-Wine-Blog-Article-Origen-AJV-2-1024x576.webp\" alt=\"\" class=\"wp-image-3020\" srcset=\"https:\/\/ajv.wine\/wp-content\/uploads\/2025\/03\/AJV-Wine-Blog-Article-Origen-AJV-2-980x551.webp 980w, https:\/\/ajv.wine\/wp-content\/uploads\/2025\/03\/AJV-Wine-Blog-Article-Origen-AJV-2-480x270.webp 480w\" sizes=\"(min-width: 0px) and (max-width: 480px) 480px, (min-width: 481px) and (max-width: 980px) 980px, (min-width: 981px) 1024px, 100vw\" \/><\/figure>\n<\/figure>\n","protected":false},"excerpt":{"rendered":"<p>Descubre c\u00f3mo nace Alicia y Josep Viticultors en el coraz\u00f3n del Priorat: un proyecto basado en la viticultura ecol\u00f3gica y regenerativa.<\/p>\n","protected":false},"author":19,"featured_media":3019,"comment_status":"closed","ping_status":"closed","sticky":false,"template":"","format":"standard","meta":{"_et_pb_use_builder":"","_et_pb_old_content":"","_et_gb_content_width":"","inline_featured_image":false,"footnotes":""},"categories":[114],"tags":[],"dipi_cpt_category":[],"class_list":["post-4630","post","type-post","status-publish","format-standard","has-post-thumbnail","hentry","category-historias-de-los-vinedos-y-el-territorio"],"yoast_head":"<!-- This site is optimized with the Yoast SEO plugin v27.5 - https:\/\/yoast.com\/product\/yoast-seo-wordpress\/ -->\n<title>\u00bfC\u00f3mo surge Alicia i Josep Viticultors? | Alicia i Josep Viticultors<\/title>\n<meta name=\"description\" content=\"Descubre c\u00f3mo nace Alicia y Josep Viticultors en el coraz\u00f3n del Priorat: un proyecto basado en la viticultura ecol\u00f3gica y regenerativa.\" \/>\n<meta name=\"robots\" content=\"index, follow, max-snippet:-1, max-image-preview:large, max-video-preview:-1\" \/>\n<link rel=\"canonical\" href=\"https:\/\/ajv.wine\/es\/blog\/como-surge-alicia-i-josep-viticultors\/\" \/>\n<meta property=\"og:locale\" content=\"es_ES\" \/>\n<meta property=\"og:type\" content=\"article\" \/>\n<meta property=\"og:title\" content=\"\u00bfC\u00f3mo surge Alicia i Josep Viticultors? | Alicia i Josep Viticultors\" \/>\n<meta property=\"og:description\" content=\"Descubre c\u00f3mo nace Alicia y Josep Viticultors en el coraz\u00f3n del Priorat: un proyecto basado en la viticultura ecol\u00f3gica y regenerativa.\" \/>\n<meta property=\"og:url\" content=\"https:\/\/ajv.wine\/es\/blog\/como-surge-alicia-i-josep-viticultors\/\" \/>\n<meta property=\"og:site_name\" content=\"Alicia i Josep Viticultors\" \/>\n<meta property=\"article:published_time\" content=\"2025-10-09T13:32:38+00:00\" \/>\n<meta property=\"og:image\" content=\"https:\/\/ajv.wine\/wp-content\/uploads\/2025\/03\/AJV-Wine-Blog-Article-Origen-AJV-1.webp\" \/>\n\t<meta property=\"og:image:width\" content=\"1920\" \/>\n\t<meta property=\"og:image:height\" content=\"1080\" \/>\n\t<meta property=\"og:image:type\" content=\"image\/webp\" \/>\n<meta name=\"author\" content=\"Pantastic Studio\" \/>\n<meta name=\"twitter:card\" content=\"summary_large_image\" \/>\n<meta name=\"twitter:label1\" content=\"Escrito por\" \/>\n\t<meta name=\"twitter:data1\" content=\"Pantastic Studio\" \/>\n\t<meta name=\"twitter:label2\" content=\"Tiempo de lectura\" \/>\n\t<meta name=\"twitter:data2\" content=\"1 minuto\" \/>\n<script type=\"application\/ld+json\" class=\"yoast-schema-graph\">{\"@context\":\"https:\\\/\\\/schema.org\",\"@graph\":[{\"@type\":\"Article\",\"@id\":\"https:\\\/\\\/ajv.wine\\\/es\\\/blog\\\/como-surge-alicia-i-josep-viticultors\\\/#article\",\"isPartOf\":{\"@id\":\"https:\\\/\\\/ajv.wine\\\/es\\\/blog\\\/como-surge-alicia-i-josep-viticultors\\\/\"},\"author\":{\"name\":\"Pantastic Studio\",\"@id\":\"https:\\\/\\\/ajv.wine\\\/#\\\/schema\\\/person\\\/03935b781efbf43b278bf9e9c1bc3059\"},\"headline\":\"\u00bfC\u00f3mo surge Alicia i Josep Viticultors?\",\"datePublished\":\"2025-10-09T13:32:38+00:00\",\"mainEntityOfPage\":{\"@id\":\"https:\\\/\\\/ajv.wine\\\/es\\\/blog\\\/como-surge-alicia-i-josep-viticultors\\\/\"},\"wordCount\":194,\"image\":{\"@id\":\"https:\\\/\\\/ajv.wine\\\/es\\\/blog\\\/como-surge-alicia-i-josep-viticultors\\\/#primaryimage\"},\"thumbnailUrl\":\"https:\\\/\\\/ajv.wine\\\/wp-content\\\/uploads\\\/2025\\\/03\\\/AJV-Wine-Blog-Article-Origen-AJV-1.webp\",\"articleSection\":[\"Historias de los vi\u00f1edos y el territorio\"],\"inLanguage\":\"es\"},{\"@type\":\"WebPage\",\"@id\":\"https:\\\/\\\/ajv.wine\\\/es\\\/blog\\\/como-surge-alicia-i-josep-viticultors\\\/\",\"url\":\"https:\\\/\\\/ajv.wine\\\/es\\\/blog\\\/como-surge-alicia-i-josep-viticultors\\\/\",\"name\":\"\u00bfC\u00f3mo surge Alicia i Josep Viticultors? | Alicia i Josep Viticultors\",\"isPartOf\":{\"@id\":\"https:\\\/\\\/ajv.wine\\\/#website\"},\"primaryImageOfPage\":{\"@id\":\"https:\\\/\\\/ajv.wine\\\/es\\\/blog\\\/como-surge-alicia-i-josep-viticultors\\\/#primaryimage\"},\"image\":{\"@id\":\"https:\\\/\\\/ajv.wine\\\/es\\\/blog\\\/como-surge-alicia-i-josep-viticultors\\\/#primaryimage\"},\"thumbnailUrl\":\"https:\\\/\\\/ajv.wine\\\/wp-content\\\/uploads\\\/2025\\\/03\\\/AJV-Wine-Blog-Article-Origen-AJV-1.webp\",\"datePublished\":\"2025-10-09T13:32:38+00:00\",\"author\":{\"@id\":\"https:\\\/\\\/ajv.wine\\\/#\\\/schema\\\/person\\\/03935b781efbf43b278bf9e9c1bc3059\"},\"description\":\"Descubre c\u00f3mo nace Alicia y Josep Viticultors en el coraz\u00f3n del Priorat: un proyecto basado en la viticultura ecol\u00f3gica y regenerativa.\",\"breadcrumb\":{\"@id\":\"https:\\\/\\\/ajv.wine\\\/es\\\/blog\\\/como-surge-alicia-i-josep-viticultors\\\/#breadcrumb\"},\"inLanguage\":\"es\",\"potentialAction\":[{\"@type\":\"ReadAction\",\"target\":[\"https:\\\/\\\/ajv.wine\\\/es\\\/blog\\\/como-surge-alicia-i-josep-viticultors\\\/\"]}]},{\"@type\":\"ImageObject\",\"inLanguage\":\"es\",\"@id\":\"https:\\\/\\\/ajv.wine\\\/es\\\/blog\\\/como-surge-alicia-i-josep-viticultors\\\/#primaryimage\",\"url\":\"https:\\\/\\\/ajv.wine\\\/wp-content\\\/uploads\\\/2025\\\/03\\\/AJV-Wine-Blog-Article-Origen-AJV-1.webp\",\"contentUrl\":\"https:\\\/\\\/ajv.wine\\\/wp-content\\\/uploads\\\/2025\\\/03\\\/AJV-Wine-Blog-Article-Origen-AJV-1.webp\",\"width\":1920,\"height\":1080},{\"@type\":\"BreadcrumbList\",\"@id\":\"https:\\\/\\\/ajv.wine\\\/es\\\/blog\\\/como-surge-alicia-i-josep-viticultors\\\/#breadcrumb\",\"itemListElement\":[{\"@type\":\"ListItem\",\"position\":1,\"name\":\"Inici\",\"item\":\"https:\\\/\\\/ajv.wine\\\/es\\\/inicio\\\/\"},{\"@type\":\"ListItem\",\"position\":2,\"name\":\"\u00bfC\u00f3mo surge Alicia i Josep Viticultors?\"}]},{\"@type\":\"WebSite\",\"@id\":\"https:\\\/\\\/ajv.wine\\\/#website\",\"url\":\"https:\\\/\\\/ajv.wine\\\/\",\"name\":\"Alicia i Josep Viticultors\",\"description\":\"agricultura regenerativa\",\"potentialAction\":[{\"@type\":\"SearchAction\",\"target\":{\"@type\":\"EntryPoint\",\"urlTemplate\":\"https:\\\/\\\/ajv.wine\\\/?s={search_term_string}\"},\"query-input\":{\"@type\":\"PropertyValueSpecification\",\"valueRequired\":true,\"valueName\":\"search_term_string\"}}],\"inLanguage\":\"es\"},{\"@type\":\"Person\",\"@id\":\"https:\\\/\\\/ajv.wine\\\/#\\\/schema\\\/person\\\/03935b781efbf43b278bf9e9c1bc3059\",\"name\":\"Pantastic Studio\",\"image\":{\"@type\":\"ImageObject\",\"inLanguage\":\"es\",\"@id\":\"https:\\\/\\\/secure.gravatar.com\\\/avatar\\\/925f8a7e50a7a1234b7b6c10056335f3682c89a2dcfe2ea06e388f4721274d06?s=96&d=mm&r=g\",\"url\":\"https:\\\/\\\/secure.gravatar.com\\\/avatar\\\/925f8a7e50a7a1234b7b6c10056335f3682c89a2dcfe2ea06e388f4721274d06?s=96&d=mm&r=g\",\"contentUrl\":\"https:\\\/\\\/secure.gravatar.com\\\/avatar\\\/925f8a7e50a7a1234b7b6c10056335f3682c89a2dcfe2ea06e388f4721274d06?s=96&d=mm&r=g\",\"caption\":\"Pantastic Studio\"}}]}<\/script>\n<!-- \/ Yoast SEO plugin. -->","yoast_head_json":{"title":"\u00bfC\u00f3mo surge Alicia i Josep Viticultors? | Alicia i Josep Viticultors","description":"Descubre c\u00f3mo nace Alicia y Josep Viticultors en el coraz\u00f3n del Priorat: un proyecto basado en la viticultura ecol\u00f3gica y regenerativa.","robots":{"index":"index","follow":"follow","max-snippet":"max-snippet:-1","max-image-preview":"max-image-preview:large","max-video-preview":"max-video-preview:-1"},"canonical":"https:\/\/ajv.wine\/es\/blog\/como-surge-alicia-i-josep-viticultors\/","og_locale":"es_ES","og_type":"article","og_title":"\u00bfC\u00f3mo surge Alicia i Josep Viticultors? | Alicia i Josep Viticultors","og_description":"Descubre c\u00f3mo nace Alicia y Josep Viticultors en el coraz\u00f3n del Priorat: un proyecto basado en la viticultura ecol\u00f3gica y regenerativa.","og_url":"https:\/\/ajv.wine\/es\/blog\/como-surge-alicia-i-josep-viticultors\/","og_site_name":"Alicia i Josep Viticultors","article_published_time":"2025-10-09T13:32:38+00:00","og_image":[{"width":1920,"height":1080,"url":"https:\/\/ajv.wine\/wp-content\/uploads\/2025\/03\/AJV-Wine-Blog-Article-Origen-AJV-1.webp","type":"image\/webp"}],"author":"Pantastic Studio","twitter_card":"summary_large_image","twitter_misc":{"Escrito por":"Pantastic Studio","Tiempo de lectura":"1 minuto"},"schema":{"@context":"https:\/\/schema.org","@graph":[{"@type":"Article","@id":"https:\/\/ajv.wine\/es\/blog\/como-surge-alicia-i-josep-viticultors\/#article","isPartOf":{"@id":"https:\/\/ajv.wine\/es\/blog\/como-surge-alicia-i-josep-viticultors\/"},"author":{"name":"Pantastic Studio","@id":"https:\/\/ajv.wine\/#\/schema\/person\/03935b781efbf43b278bf9e9c1bc3059"},"headline":"\u00bfC\u00f3mo surge Alicia i Josep Viticultors?","datePublished":"2025-10-09T13:32:38+00:00","mainEntityOfPage":{"@id":"https:\/\/ajv.wine\/es\/blog\/como-surge-alicia-i-josep-viticultors\/"},"wordCount":194,"image":{"@id":"https:\/\/ajv.wine\/es\/blog\/como-surge-alicia-i-josep-viticultors\/#primaryimage"},"thumbnailUrl":"https:\/\/ajv.wine\/wp-content\/uploads\/2025\/03\/AJV-Wine-Blog-Article-Origen-AJV-1.webp","articleSection":["Historias de los vi\u00f1edos y el territorio"],"inLanguage":"es"},{"@type":"WebPage","@id":"https:\/\/ajv.wine\/es\/blog\/como-surge-alicia-i-josep-viticultors\/","url":"https:\/\/ajv.wine\/es\/blog\/como-surge-alicia-i-josep-viticultors\/","name":"\u00bfC\u00f3mo surge Alicia i Josep Viticultors? | Alicia i Josep Viticultors","isPartOf":{"@id":"https:\/\/ajv.wine\/#website"},"primaryImageOfPage":{"@id":"https:\/\/ajv.wine\/es\/blog\/como-surge-alicia-i-josep-viticultors\/#primaryimage"},"image":{"@id":"https:\/\/ajv.wine\/es\/blog\/como-surge-alicia-i-josep-viticultors\/#primaryimage"},"thumbnailUrl":"https:\/\/ajv.wine\/wp-content\/uploads\/2025\/03\/AJV-Wine-Blog-Article-Origen-AJV-1.webp","datePublished":"2025-10-09T13:32:38+00:00","author":{"@id":"https:\/\/ajv.wine\/#\/schema\/person\/03935b781efbf43b278bf9e9c1bc3059"},"description":"Descubre c\u00f3mo nace Alicia y Josep Viticultors en el coraz\u00f3n del Priorat: un proyecto basado en la viticultura ecol\u00f3gica y regenerativa.","breadcrumb":{"@id":"https:\/\/ajv.wine\/es\/blog\/como-surge-alicia-i-josep-viticultors\/#breadcrumb"},"inLanguage":"es","potentialAction":[{"@type":"ReadAction","target":["https:\/\/ajv.wine\/es\/blog\/como-surge-alicia-i-josep-viticultors\/"]}]},{"@type":"ImageObject","inLanguage":"es","@id":"https:\/\/ajv.wine\/es\/blog\/como-surge-alicia-i-josep-viticultors\/#primaryimage","url":"https:\/\/ajv.wine\/wp-content\/uploads\/2025\/03\/AJV-Wine-Blog-Article-Origen-AJV-1.webp","contentUrl":"https:\/\/ajv.wine\/wp-content\/uploads\/2025\/03\/AJV-Wine-Blog-Article-Origen-AJV-1.webp","width":1920,"height":1080},{"@type":"BreadcrumbList","@id":"https:\/\/ajv.wine\/es\/blog\/como-surge-alicia-i-josep-viticultors\/#breadcrumb","itemListElement":[{"@type":"ListItem","position":1,"name":"Inici","item":"https:\/\/ajv.wine\/es\/inicio\/"},{"@type":"ListItem","position":2,"name":"\u00bfC\u00f3mo surge Alicia i Josep Viticultors?"}]},{"@type":"WebSite","@id":"https:\/\/ajv.wine\/#website","url":"https:\/\/ajv.wine\/","name":"Alicia i Josep Viticultors","description":"agricultura regenerativa","potentialAction":[{"@type":"SearchAction","target":{"@type":"EntryPoint","urlTemplate":"https:\/\/ajv.wine\/?s={search_term_string}"},"query-input":{"@type":"PropertyValueSpecification","valueRequired":true,"valueName":"search_term_string"}}],"inLanguage":"es"},{"@type":"Person","@id":"https:\/\/ajv.wine\/#\/schema\/person\/03935b781efbf43b278bf9e9c1bc3059","name":"Pantastic Studio","image":{"@type":"ImageObject","inLanguage":"es","@id":"https:\/\/secure.gravatar.com\/avatar\/925f8a7e50a7a1234b7b6c10056335f3682c89a2dcfe2ea06e388f4721274d06?s=96&d=mm&r=g","url":"https:\/\/secure.gravatar.com\/avatar\/925f8a7e50a7a1234b7b6c10056335f3682c89a2dcfe2ea06e388f4721274d06?s=96&d=mm&r=g","contentUrl":"https:\/\/secure.gravatar.com\/avatar\/925f8a7e50a7a1234b7b6c10056335f3682c89a2dcfe2ea06e388f4721274d06?s=96&d=mm&r=g","caption":"Pantastic Studio"}}]}},"_links":{"self":[{"href":"https:\/\/ajv.wine\/es\/wp-json\/wp\/v2\/posts\/4630","targetHints":{"allow":["GET"]}}],"collection":[{"href":"https:\/\/ajv.wine\/es\/wp-json\/wp\/v2\/posts"}],"about":[{"href":"https:\/\/ajv.wine\/es\/wp-json\/wp\/v2\/types\/post"}],"author":[{"embeddable":true,"href":"https:\/\/ajv.wine\/es\/wp-json\/wp\/v2\/users\/19"}],"replies":[{"embeddable":true,"href":"https:\/\/ajv.wine\/es\/wp-json\/wp\/v2\/comments?post=4630"}],"version-history":[{"count":1,"href":"https:\/\/ajv.wine\/es\/wp-json\/wp\/v2\/posts\/4630\/revisions"}],"predecessor-version":[{"id":4631,"href":"https:\/\/ajv.wine\/es\/wp-json\/wp\/v2\/posts\/4630\/revisions\/4631"}],"wp:featuredmedia":[{"embeddable":true,"href":"https:\/\/ajv.wine\/es\/wp-json\/wp\/v2\/media\/3019"}],"wp:attachment":[{"href":"https:\/\/ajv.wine\/es\/wp-json\/wp\/v2\/media?parent=4630"}],"wp:term":[{"taxonomy":"category","embeddable":true,"href":"https:\/\/ajv.wine\/es\/wp-json\/wp\/v2\/categories?post=4630"},{"taxonomy":"post_tag","embeddable":true,"href":"https:\/\/ajv.wine\/es\/wp-json\/wp\/v2\/tags?post=4630"},{"taxonomy":"dipi_cpt_category","embeddable":true,"href":"https:\/\/ajv.wine\/es\/wp-json\/wp\/v2\/dipi_cpt_category?post=4630"}],"curies":[{"name":"wp","href":"https:\/\/api.w.org\/{rel}","templated":true}]}}