{"id":4279,"date":"2025-04-25T12:17:28","date_gmt":"2025-04-25T10:17:28","guid":{"rendered":"https:\/\/ajv.wine\/blog\/el-origen-de-nuestro-vino-de-paratge-perer\/"},"modified":"2025-10-09T15:30:31","modified_gmt":"2025-10-09T13:30:31","slug":"el-origen-de-nuestro-vino-de-paratge-perer","status":"publish","type":"post","link":"https:\/\/ajv.wine\/es\/blog\/el-origen-de-nuestro-vino-de-paratge-perer\/","title":{"rendered":"El origen de nuestro vino de Paratge Perer"},"content":{"rendered":"\n<p>Nuestro Vino de Paraje Perer, elaborado con uvas de cari\u00f1enas plantadas en 1959, muestra la artesan\u00eda enol\u00f3gica de esta variedad de uva aut\u00f3ctona e identitaria del Priorat.  <\/p>\n\n<p>Con este vino queremos transmitir la elegancia que caracteriza a nuestros vinos y la calidad de un gran vino del Priorat.  <\/p>\n\n<p>Porrera, es territorio de cari\u00f1enas, ocupando la tercera parte del total de vi\u00f1edo plantado, y reconocida por producir vinos excepcionales.<\/p>\n\n<p>Perer es un vino de paraje que recoge la esencia m\u00e1s pura del paraje Perer, situado en la localidad de Porrera en la DOQ Priorat.  <\/p>\n\n<p>La parcela se caracteriza por pendientes pronunciadas que superan el 40%.  <\/p>\n\n<p>La compleja geograf\u00eda de la zona no permite el acceso mec\u00e1nico, por lo que el vi\u00f1edo se trabaja utilizando el m\u00e9todo de cultivo m\u00e1s tradicional: las manos, y siguiendo las pr\u00e1cticas de viticultura ecol\u00f3gica y regenerativa.<\/p>\n\n<p>Debido a las condiciones \u00fanicas del suelo y el clima, los vi\u00f1edos soportan un estr\u00e9s importante, dando lugar a rendimientos de uva bajos, que normalmente se encuentran entre 300 \u2013 400 gr por cepa.<\/p>\n\n<p>Es decir, necesitamos 4-5 cepas para hacer una botella de vino de paraje Perer.<\/p>\n\n<p>En su momento \u00f3ptimo de maduraci\u00f3n y seleccionando cada uva en una vendimia manual, \u00e9stos fermentan en dep\u00f3sitos de acero inoxidable, seguido de una crianza de 14 meses en barrica de roble franc\u00e9s.<\/p>\n\n<p>Un vino elegante y seductor, que expresa la tipicidad de la variedad aut\u00f3ctona cari\u00f1ena en uno de los pueblos m\u00e1s frescos del Priorat.<\/p>\n\n<p>Producci\u00f3n limitada a 445 botellas de 0,75l y 1,5l.<\/p>\n\n<p><\/p>\n\n<figure class=\"wp-block-gallery has-nested-images columns-default is-cropped wp-block-gallery-1 is-layout-flex wp-block-gallery-is-layout-flex\">\n<figure class=\"wp-block-image size-large\"><img loading=\"lazy\" decoding=\"async\" width=\"1024\" height=\"576\" data-id=\"3066\" src=\"https:\/\/ajv.wine\/wp-content\/uploads\/2025\/03\/AJV-Wine-Blog-Article-Origen-Perer-vi-de-paratge-2-1024x576.png\" alt=\"\" class=\"wp-image-3066\" srcset=\"https:\/\/ajv.wine\/wp-content\/uploads\/2025\/03\/AJV-Wine-Blog-Article-Origen-Perer-vi-de-paratge-2-980x551.png 980w, https:\/\/ajv.wine\/wp-content\/uploads\/2025\/03\/AJV-Wine-Blog-Article-Origen-Perer-vi-de-paratge-2-480x270.png 480w\" sizes=\"(min-width: 0px) and (max-width: 480px) 480px, (min-width: 481px) and (max-width: 980px) 980px, (min-width: 981px) 1024px, 100vw\" \/><\/figure>\n\n\n\n<figure class=\"wp-block-image size-large\"><img loading=\"lazy\" decoding=\"async\" width=\"1024\" height=\"576\" data-id=\"3072\" src=\"https:\/\/ajv.wine\/wp-content\/uploads\/2025\/03\/AJV-Wine-Blog-Article-Origen-Perer-vi-de-paratge-4-1024x576.png\" alt=\"\" class=\"wp-image-3072\" srcset=\"https:\/\/ajv.wine\/wp-content\/uploads\/2025\/03\/AJV-Wine-Blog-Article-Origen-Perer-vi-de-paratge-4-980x551.png 980w, https:\/\/ajv.wine\/wp-content\/uploads\/2025\/03\/AJV-Wine-Blog-Article-Origen-Perer-vi-de-paratge-4-480x270.png 480w\" sizes=\"(min-width: 0px) and (max-width: 480px) 480px, (min-width: 481px) and (max-width: 980px) 980px, (min-width: 981px) 1024px, 100vw\" \/><\/figure>\n\n\n\n<figure class=\"wp-block-image size-large\"><img loading=\"lazy\" decoding=\"async\" width=\"1024\" height=\"576\" data-id=\"3069\" src=\"https:\/\/ajv.wine\/wp-content\/uploads\/2025\/03\/AJV-Wine-Blog-Article-Origen-Perer-vi-de-paratge-3-1024x576.png\" alt=\"\" class=\"wp-image-3069\" srcset=\"https:\/\/ajv.wine\/wp-content\/uploads\/2025\/03\/AJV-Wine-Blog-Article-Origen-Perer-vi-de-paratge-3-980x551.png 980w, https:\/\/ajv.wine\/wp-content\/uploads\/2025\/03\/AJV-Wine-Blog-Article-Origen-Perer-vi-de-paratge-3-480x270.png 480w\" sizes=\"(min-width: 0px) and (max-width: 480px) 480px, (min-width: 481px) and (max-width: 980px) 980px, (min-width: 981px) 1024px, 100vw\" \/><\/figure>\n<\/figure>\n","protected":false},"excerpt":{"rendered":"<p>Un vino ecol\u00f3gico y artesanal que expresa la elegancia, intensidad y esencia de un paraje \u00fanico, con una producci\u00f3n muy limitada.<\/p>\n","protected":false},"author":19,"featured_media":3065,"comment_status":"closed","ping_status":"closed","sticky":false,"template":"","format":"standard","meta":{"_et_pb_use_builder":"","_et_pb_old_content":"","_et_gb_content_width":"","inline_featured_image":false,"footnotes":""},"categories":[114,115],"tags":[],"dipi_cpt_category":[],"class_list":["post-4279","post","type-post","status-publish","format-standard","has-post-thumbnail","hentry","category-historias-de-los-vinedos-y-el-territorio","category-vinos"],"yoast_head":"<!-- This site is optimized with the Yoast SEO plugin v27.5 - https:\/\/yoast.com\/product\/yoast-seo-wordpress\/ -->\n<title>El origen de nuestro vino de Paratge Perer | Alicia i Josep Viticultors<\/title>\n<meta name=\"description\" content=\"Un vino ecol\u00f3gico y artesanal que expresa la elegancia, intensidad y esencia de un paraje \u00fanico, con una producci\u00f3n muy limitada.\" \/>\n<meta name=\"robots\" content=\"index, follow, max-snippet:-1, max-image-preview:large, max-video-preview:-1\" \/>\n<link rel=\"canonical\" href=\"https:\/\/ajv.wine\/es\/blog\/el-origen-de-nuestro-vino-de-paratge-perer\/\" \/>\n<meta property=\"og:locale\" content=\"es_ES\" \/>\n<meta property=\"og:type\" content=\"article\" \/>\n<meta property=\"og:title\" content=\"El origen de nuestro vino de Paratge Perer | Alicia i Josep Viticultors\" \/>\n<meta property=\"og:description\" content=\"Un vino ecol\u00f3gico y artesanal que expresa la elegancia, intensidad y esencia de un paraje \u00fanico, con una producci\u00f3n muy limitada.\" \/>\n<meta property=\"og:url\" content=\"https:\/\/ajv.wine\/es\/blog\/el-origen-de-nuestro-vino-de-paratge-perer\/\" \/>\n<meta property=\"og:site_name\" content=\"Alicia i Josep Viticultors\" \/>\n<meta property=\"article:published_time\" content=\"2025-04-25T10:17:28+00:00\" \/>\n<meta property=\"article:modified_time\" content=\"2025-10-09T13:30:31+00:00\" \/>\n<meta property=\"og:image\" content=\"https:\/\/ajv.wine\/wp-content\/uploads\/2025\/03\/AJV-Wine-Blog-Article-Origen-Perer-vi-de-paratge-1.png\" \/>\n\t<meta property=\"og:image:width\" content=\"1920\" \/>\n\t<meta property=\"og:image:height\" content=\"1080\" \/>\n\t<meta property=\"og:image:type\" content=\"image\/png\" \/>\n<meta name=\"author\" content=\"Pantastic Studio\" \/>\n<meta name=\"twitter:card\" content=\"summary_large_image\" \/>\n<meta name=\"twitter:label1\" content=\"Escrito por\" \/>\n\t<meta name=\"twitter:data1\" content=\"Pantastic Studio\" \/>\n\t<meta name=\"twitter:label2\" content=\"Tiempo de lectura\" \/>\n\t<meta name=\"twitter:data2\" content=\"1 minuto\" \/>\n<script type=\"application\/ld+json\" class=\"yoast-schema-graph\">{\"@context\":\"https:\\\/\\\/schema.org\",\"@graph\":[{\"@type\":\"Article\",\"@id\":\"https:\\\/\\\/ajv.wine\\\/es\\\/blog\\\/el-origen-de-nuestro-vino-de-paratge-perer\\\/#article\",\"isPartOf\":{\"@id\":\"https:\\\/\\\/ajv.wine\\\/es\\\/blog\\\/el-origen-de-nuestro-vino-de-paratge-perer\\\/\"},\"author\":{\"name\":\"Pantastic Studio\",\"@id\":\"https:\\\/\\\/ajv.wine\\\/#\\\/schema\\\/person\\\/03935b781efbf43b278bf9e9c1bc3059\"},\"headline\":\"El origen de nuestro vino de Paratge Perer\",\"datePublished\":\"2025-04-25T10:17:28+00:00\",\"dateModified\":\"2025-10-09T13:30:31+00:00\",\"mainEntityOfPage\":{\"@id\":\"https:\\\/\\\/ajv.wine\\\/es\\\/blog\\\/el-origen-de-nuestro-vino-de-paratge-perer\\\/\"},\"wordCount\":277,\"image\":{\"@id\":\"https:\\\/\\\/ajv.wine\\\/es\\\/blog\\\/el-origen-de-nuestro-vino-de-paratge-perer\\\/#primaryimage\"},\"thumbnailUrl\":\"https:\\\/\\\/ajv.wine\\\/wp-content\\\/uploads\\\/2025\\\/03\\\/AJV-Wine-Blog-Article-Origen-Perer-vi-de-paratge-1.png\",\"articleSection\":[\"Historias de los vi\u00f1edos y el territorio\",\"Vinos\"],\"inLanguage\":\"es\"},{\"@type\":\"WebPage\",\"@id\":\"https:\\\/\\\/ajv.wine\\\/es\\\/blog\\\/el-origen-de-nuestro-vino-de-paratge-perer\\\/\",\"url\":\"https:\\\/\\\/ajv.wine\\\/es\\\/blog\\\/el-origen-de-nuestro-vino-de-paratge-perer\\\/\",\"name\":\"El origen de nuestro vino de Paratge Perer | Alicia i Josep Viticultors\",\"isPartOf\":{\"@id\":\"https:\\\/\\\/ajv.wine\\\/#website\"},\"primaryImageOfPage\":{\"@id\":\"https:\\\/\\\/ajv.wine\\\/es\\\/blog\\\/el-origen-de-nuestro-vino-de-paratge-perer\\\/#primaryimage\"},\"image\":{\"@id\":\"https:\\\/\\\/ajv.wine\\\/es\\\/blog\\\/el-origen-de-nuestro-vino-de-paratge-perer\\\/#primaryimage\"},\"thumbnailUrl\":\"https:\\\/\\\/ajv.wine\\\/wp-content\\\/uploads\\\/2025\\\/03\\\/AJV-Wine-Blog-Article-Origen-Perer-vi-de-paratge-1.png\",\"datePublished\":\"2025-04-25T10:17:28+00:00\",\"dateModified\":\"2025-10-09T13:30:31+00:00\",\"author\":{\"@id\":\"https:\\\/\\\/ajv.wine\\\/#\\\/schema\\\/person\\\/03935b781efbf43b278bf9e9c1bc3059\"},\"description\":\"Un vino ecol\u00f3gico y artesanal que expresa la elegancia, intensidad y esencia de un paraje \u00fanico, con una producci\u00f3n muy limitada.\",\"breadcrumb\":{\"@id\":\"https:\\\/\\\/ajv.wine\\\/es\\\/blog\\\/el-origen-de-nuestro-vino-de-paratge-perer\\\/#breadcrumb\"},\"inLanguage\":\"es\",\"potentialAction\":[{\"@type\":\"ReadAction\",\"target\":[\"https:\\\/\\\/ajv.wine\\\/es\\\/blog\\\/el-origen-de-nuestro-vino-de-paratge-perer\\\/\"]}]},{\"@type\":\"ImageObject\",\"inLanguage\":\"es\",\"@id\":\"https:\\\/\\\/ajv.wine\\\/es\\\/blog\\\/el-origen-de-nuestro-vino-de-paratge-perer\\\/#primaryimage\",\"url\":\"https:\\\/\\\/ajv.wine\\\/wp-content\\\/uploads\\\/2025\\\/03\\\/AJV-Wine-Blog-Article-Origen-Perer-vi-de-paratge-1.png\",\"contentUrl\":\"https:\\\/\\\/ajv.wine\\\/wp-content\\\/uploads\\\/2025\\\/03\\\/AJV-Wine-Blog-Article-Origen-Perer-vi-de-paratge-1.png\",\"width\":1920,\"height\":1080},{\"@type\":\"BreadcrumbList\",\"@id\":\"https:\\\/\\\/ajv.wine\\\/es\\\/blog\\\/el-origen-de-nuestro-vino-de-paratge-perer\\\/#breadcrumb\",\"itemListElement\":[{\"@type\":\"ListItem\",\"position\":1,\"name\":\"Inici\",\"item\":\"https:\\\/\\\/ajv.wine\\\/es\\\/inicio\\\/\"},{\"@type\":\"ListItem\",\"position\":2,\"name\":\"El origen de nuestro vino de Paratge Perer\"}]},{\"@type\":\"WebSite\",\"@id\":\"https:\\\/\\\/ajv.wine\\\/#website\",\"url\":\"https:\\\/\\\/ajv.wine\\\/\",\"name\":\"Alicia i Josep Viticultors\",\"description\":\"agricultura regenerativa\",\"potentialAction\":[{\"@type\":\"SearchAction\",\"target\":{\"@type\":\"EntryPoint\",\"urlTemplate\":\"https:\\\/\\\/ajv.wine\\\/?s={search_term_string}\"},\"query-input\":{\"@type\":\"PropertyValueSpecification\",\"valueRequired\":true,\"valueName\":\"search_term_string\"}}],\"inLanguage\":\"es\"},{\"@type\":\"Person\",\"@id\":\"https:\\\/\\\/ajv.wine\\\/#\\\/schema\\\/person\\\/03935b781efbf43b278bf9e9c1bc3059\",\"name\":\"Pantastic Studio\",\"image\":{\"@type\":\"ImageObject\",\"inLanguage\":\"es\",\"@id\":\"https:\\\/\\\/secure.gravatar.com\\\/avatar\\\/925f8a7e50a7a1234b7b6c10056335f3682c89a2dcfe2ea06e388f4721274d06?s=96&d=mm&r=g\",\"url\":\"https:\\\/\\\/secure.gravatar.com\\\/avatar\\\/925f8a7e50a7a1234b7b6c10056335f3682c89a2dcfe2ea06e388f4721274d06?s=96&d=mm&r=g\",\"contentUrl\":\"https:\\\/\\\/secure.gravatar.com\\\/avatar\\\/925f8a7e50a7a1234b7b6c10056335f3682c89a2dcfe2ea06e388f4721274d06?s=96&d=mm&r=g\",\"caption\":\"Pantastic Studio\"}}]}<\/script>\n<!-- \/ Yoast SEO plugin. -->","yoast_head_json":{"title":"El origen de nuestro vino de Paratge Perer | Alicia i Josep Viticultors","description":"Un vino ecol\u00f3gico y artesanal que expresa la elegancia, intensidad y esencia de un paraje \u00fanico, con una producci\u00f3n muy limitada.","robots":{"index":"index","follow":"follow","max-snippet":"max-snippet:-1","max-image-preview":"max-image-preview:large","max-video-preview":"max-video-preview:-1"},"canonical":"https:\/\/ajv.wine\/es\/blog\/el-origen-de-nuestro-vino-de-paratge-perer\/","og_locale":"es_ES","og_type":"article","og_title":"El origen de nuestro vino de Paratge Perer | Alicia i Josep Viticultors","og_description":"Un vino ecol\u00f3gico y artesanal que expresa la elegancia, intensidad y esencia de un paraje \u00fanico, con una producci\u00f3n muy limitada.","og_url":"https:\/\/ajv.wine\/es\/blog\/el-origen-de-nuestro-vino-de-paratge-perer\/","og_site_name":"Alicia i Josep Viticultors","article_published_time":"2025-04-25T10:17:28+00:00","article_modified_time":"2025-10-09T13:30:31+00:00","og_image":[{"width":1920,"height":1080,"url":"https:\/\/ajv.wine\/wp-content\/uploads\/2025\/03\/AJV-Wine-Blog-Article-Origen-Perer-vi-de-paratge-1.png","type":"image\/png"}],"author":"Pantastic Studio","twitter_card":"summary_large_image","twitter_misc":{"Escrito por":"Pantastic Studio","Tiempo de lectura":"1 minuto"},"schema":{"@context":"https:\/\/schema.org","@graph":[{"@type":"Article","@id":"https:\/\/ajv.wine\/es\/blog\/el-origen-de-nuestro-vino-de-paratge-perer\/#article","isPartOf":{"@id":"https:\/\/ajv.wine\/es\/blog\/el-origen-de-nuestro-vino-de-paratge-perer\/"},"author":{"name":"Pantastic Studio","@id":"https:\/\/ajv.wine\/#\/schema\/person\/03935b781efbf43b278bf9e9c1bc3059"},"headline":"El origen de nuestro vino de Paratge Perer","datePublished":"2025-04-25T10:17:28+00:00","dateModified":"2025-10-09T13:30:31+00:00","mainEntityOfPage":{"@id":"https:\/\/ajv.wine\/es\/blog\/el-origen-de-nuestro-vino-de-paratge-perer\/"},"wordCount":277,"image":{"@id":"https:\/\/ajv.wine\/es\/blog\/el-origen-de-nuestro-vino-de-paratge-perer\/#primaryimage"},"thumbnailUrl":"https:\/\/ajv.wine\/wp-content\/uploads\/2025\/03\/AJV-Wine-Blog-Article-Origen-Perer-vi-de-paratge-1.png","articleSection":["Historias de los vi\u00f1edos y el territorio","Vinos"],"inLanguage":"es"},{"@type":"WebPage","@id":"https:\/\/ajv.wine\/es\/blog\/el-origen-de-nuestro-vino-de-paratge-perer\/","url":"https:\/\/ajv.wine\/es\/blog\/el-origen-de-nuestro-vino-de-paratge-perer\/","name":"El origen de nuestro vino de Paratge Perer | Alicia i Josep Viticultors","isPartOf":{"@id":"https:\/\/ajv.wine\/#website"},"primaryImageOfPage":{"@id":"https:\/\/ajv.wine\/es\/blog\/el-origen-de-nuestro-vino-de-paratge-perer\/#primaryimage"},"image":{"@id":"https:\/\/ajv.wine\/es\/blog\/el-origen-de-nuestro-vino-de-paratge-perer\/#primaryimage"},"thumbnailUrl":"https:\/\/ajv.wine\/wp-content\/uploads\/2025\/03\/AJV-Wine-Blog-Article-Origen-Perer-vi-de-paratge-1.png","datePublished":"2025-04-25T10:17:28+00:00","dateModified":"2025-10-09T13:30:31+00:00","author":{"@id":"https:\/\/ajv.wine\/#\/schema\/person\/03935b781efbf43b278bf9e9c1bc3059"},"description":"Un vino ecol\u00f3gico y artesanal que expresa la elegancia, intensidad y esencia de un paraje \u00fanico, con una producci\u00f3n muy limitada.","breadcrumb":{"@id":"https:\/\/ajv.wine\/es\/blog\/el-origen-de-nuestro-vino-de-paratge-perer\/#breadcrumb"},"inLanguage":"es","potentialAction":[{"@type":"ReadAction","target":["https:\/\/ajv.wine\/es\/blog\/el-origen-de-nuestro-vino-de-paratge-perer\/"]}]},{"@type":"ImageObject","inLanguage":"es","@id":"https:\/\/ajv.wine\/es\/blog\/el-origen-de-nuestro-vino-de-paratge-perer\/#primaryimage","url":"https:\/\/ajv.wine\/wp-content\/uploads\/2025\/03\/AJV-Wine-Blog-Article-Origen-Perer-vi-de-paratge-1.png","contentUrl":"https:\/\/ajv.wine\/wp-content\/uploads\/2025\/03\/AJV-Wine-Blog-Article-Origen-Perer-vi-de-paratge-1.png","width":1920,"height":1080},{"@type":"BreadcrumbList","@id":"https:\/\/ajv.wine\/es\/blog\/el-origen-de-nuestro-vino-de-paratge-perer\/#breadcrumb","itemListElement":[{"@type":"ListItem","position":1,"name":"Inici","item":"https:\/\/ajv.wine\/es\/inicio\/"},{"@type":"ListItem","position":2,"name":"El origen de nuestro vino de Paratge Perer"}]},{"@type":"WebSite","@id":"https:\/\/ajv.wine\/#website","url":"https:\/\/ajv.wine\/","name":"Alicia i Josep Viticultors","description":"agricultura regenerativa","potentialAction":[{"@type":"SearchAction","target":{"@type":"EntryPoint","urlTemplate":"https:\/\/ajv.wine\/?s={search_term_string}"},"query-input":{"@type":"PropertyValueSpecification","valueRequired":true,"valueName":"search_term_string"}}],"inLanguage":"es"},{"@type":"Person","@id":"https:\/\/ajv.wine\/#\/schema\/person\/03935b781efbf43b278bf9e9c1bc3059","name":"Pantastic Studio","image":{"@type":"ImageObject","inLanguage":"es","@id":"https:\/\/secure.gravatar.com\/avatar\/925f8a7e50a7a1234b7b6c10056335f3682c89a2dcfe2ea06e388f4721274d06?s=96&d=mm&r=g","url":"https:\/\/secure.gravatar.com\/avatar\/925f8a7e50a7a1234b7b6c10056335f3682c89a2dcfe2ea06e388f4721274d06?s=96&d=mm&r=g","contentUrl":"https:\/\/secure.gravatar.com\/avatar\/925f8a7e50a7a1234b7b6c10056335f3682c89a2dcfe2ea06e388f4721274d06?s=96&d=mm&r=g","caption":"Pantastic Studio"}}]}},"_links":{"self":[{"href":"https:\/\/ajv.wine\/es\/wp-json\/wp\/v2\/posts\/4279","targetHints":{"allow":["GET"]}}],"collection":[{"href":"https:\/\/ajv.wine\/es\/wp-json\/wp\/v2\/posts"}],"about":[{"href":"https:\/\/ajv.wine\/es\/wp-json\/wp\/v2\/types\/post"}],"author":[{"embeddable":true,"href":"https:\/\/ajv.wine\/es\/wp-json\/wp\/v2\/users\/19"}],"replies":[{"embeddable":true,"href":"https:\/\/ajv.wine\/es\/wp-json\/wp\/v2\/comments?post=4279"}],"version-history":[{"count":3,"href":"https:\/\/ajv.wine\/es\/wp-json\/wp\/v2\/posts\/4279\/revisions"}],"predecessor-version":[{"id":4629,"href":"https:\/\/ajv.wine\/es\/wp-json\/wp\/v2\/posts\/4279\/revisions\/4629"}],"wp:featuredmedia":[{"embeddable":true,"href":"https:\/\/ajv.wine\/es\/wp-json\/wp\/v2\/media\/3065"}],"wp:attachment":[{"href":"https:\/\/ajv.wine\/es\/wp-json\/wp\/v2\/media?parent=4279"}],"wp:term":[{"taxonomy":"category","embeddable":true,"href":"https:\/\/ajv.wine\/es\/wp-json\/wp\/v2\/categories?post=4279"},{"taxonomy":"post_tag","embeddable":true,"href":"https:\/\/ajv.wine\/es\/wp-json\/wp\/v2\/tags?post=4279"},{"taxonomy":"dipi_cpt_category","embeddable":true,"href":"https:\/\/ajv.wine\/es\/wp-json\/wp\/v2\/dipi_cpt_category?post=4279"}],"curies":[{"name":"wp","href":"https:\/\/api.w.org\/{rel}","templated":true}]}}